{"id":726,"date":"2021-05-31T09:54:58","date_gmt":"2021-05-31T12:54:58","guid":{"rendered":"https:\/\/schapter.ufpr.br\/portal\/?p=726"},"modified":"2021-11-15T16:12:18","modified_gmt":"2021-11-15T19:12:18","slug":"empedocles-e-os-tentaculos-de-luz","status":"publish","type":"post","link":"https:\/\/schapter.ufpr.br\/portal\/2021\/05\/31\/empedocles-e-os-tentaculos-de-luz\/","title":{"rendered":"Emp\u00e9docles e os Tent\u00e1culos de Luz."},"content":{"rendered":"\n<p>Enquanto todos os fil\u00f3sofos <a href=\"https:\/\/schapter.ufpr.br\/portal\/tiras-optica\/\"><strong>at\u00e9 agora citados<\/strong><\/a> falavam apenas do processo de vis\u00e3o, Emp\u00e9docles de Akragas (<em>495 a.C. &#8211; 430 a.C.<\/em>) e Arist\u00f3teles de Est\u00e1gia (<em>384 a.C. &#8211; 322 a.C.<\/em>), que participar\u00e1 da pr\u00f3xima tirinha, buscaram entender a natureza da luz, saindo do padr\u00e3o de especula\u00e7\u00e3o grego exisente at\u00e9 ent\u00e3o, como j\u00e1 explicado na <a href=\"https:\/\/schapter.ufpr.br\/portal\/2021\/05\/28\/homero-e-a-origem-do-pensamento-da-luz\/\">Tira I<\/a>.<\/p>\n\n\n\n<div class=\"wp-block-image\"><figure class=\"aligncenter size-large is-resized\"><a href=\"https:\/\/www.instagram.com\/p\/CKR375dBOmh\/\"><img loading=\"lazy\" src=\"https:\/\/schapter.ufpr.br\/portal\/wp-content\/uploads\/2021\/05\/empedocles-jpg-1024x1024.jpg\" alt=\"\" class=\"wp-image-730\" width=\"768\" height=\"768\" srcset=\"https:\/\/schapter.ufpr.br\/portal\/wp-content\/uploads\/2021\/05\/empedocles-jpg-1024x1024.jpg 1024w, https:\/\/schapter.ufpr.br\/portal\/wp-content\/uploads\/2021\/05\/empedocles-jpg-300x300.jpg 300w, https:\/\/schapter.ufpr.br\/portal\/wp-content\/uploads\/2021\/05\/empedocles-jpg-150x150.jpg 150w, https:\/\/schapter.ufpr.br\/portal\/wp-content\/uploads\/2021\/05\/empedocles-jpg-768x768.jpg 768w, https:\/\/schapter.ufpr.br\/portal\/wp-content\/uploads\/2021\/05\/empedocles-jpg-1536x1536.jpg 1536w, https:\/\/schapter.ufpr.br\/portal\/wp-content\/uploads\/2021\/05\/empedocles-jpg-2048x2048.jpg 2048w, https:\/\/schapter.ufpr.br\/portal\/wp-content\/uploads\/2021\/05\/empedocles-jpg-98x98.jpg 98w, https:\/\/schapter.ufpr.br\/portal\/wp-content\/uploads\/2021\/05\/empedocles-jpg-57x57.jpg 57w\" sizes=\"(max-width: 768px) 100vw, 768px\" \/><\/a><figcaption>Texto: Mois\u00e9s Willian de Almeida. Ilustra\u00e7\u00e3o: Marcelo Prado Cioneck<\/figcaption><\/figure><\/div>\n\n\n\n<p>Os escritos de Emp\u00e9docles sobre a natureza corpuscular da luz foram profundos de tal forma que Newton se inspirou nesses textos para seus trabalhos. Algo que ser\u00e1 abordado posteriormente.<\/p>\n","protected":false},"excerpt":{"rendered":"<p>Enquanto todos os fil\u00f3sofos at\u00e9 agora citados falavam apenas do processo de vis\u00e3o, Emp\u00e9docles de Akragas (495 a.C. &#8211; 430 a.C.) e Arist\u00f3teles de Est\u00e1gia [&hellip;]<\/p>\n","protected":false},"author":21,"featured_media":0,"comment_status":"open","ping_status":"open","sticky":false,"template":"","format":"standard","meta":[],"categories":[15,16],"tags":[40,5,6],"_links":{"self":[{"href":"https:\/\/schapter.ufpr.br\/portal\/wp-json\/wp\/v2\/posts\/726"}],"collection":[{"href":"https:\/\/schapter.ufpr.br\/portal\/wp-json\/wp\/v2\/posts"}],"about":[{"href":"https:\/\/schapter.ufpr.br\/portal\/wp-json\/wp\/v2\/types\/post"}],"author":[{"embeddable":true,"href":"https:\/\/schapter.ufpr.br\/portal\/wp-json\/wp\/v2\/users\/21"}],"replies":[{"embeddable":true,"href":"https:\/\/schapter.ufpr.br\/portal\/wp-json\/wp\/v2\/comments?post=726"}],"version-history":[{"count":14,"href":"https:\/\/schapter.ufpr.br\/portal\/wp-json\/wp\/v2\/posts\/726\/revisions"}],"predecessor-version":[{"id":1808,"href":"https:\/\/schapter.ufpr.br\/portal\/wp-json\/wp\/v2\/posts\/726\/revisions\/1808"}],"wp:attachment":[{"href":"https:\/\/schapter.ufpr.br\/portal\/wp-json\/wp\/v2\/media?parent=726"}],"wp:term":[{"taxonomy":"category","embeddable":true,"href":"https:\/\/schapter.ufpr.br\/portal\/wp-json\/wp\/v2\/categories?post=726"},{"taxonomy":"post_tag","embeddable":true,"href":"https:\/\/schapter.ufpr.br\/portal\/wp-json\/wp\/v2\/tags?post=726"}],"curies":[{"name":"wp","href":"https:\/\/api.w.org\/{rel}","templated":true}]}}