{"id":675,"date":"2021-05-29T09:24:09","date_gmt":"2021-05-29T12:24:09","guid":{"rendered":"https:\/\/schapter.ufpr.br\/portal\/?p=675"},"modified":"2021-05-29T09:24:28","modified_gmt":"2021-05-29T12:24:28","slug":"minicurso-introducao-a-optica-quantica","status":"publish","type":"post","link":"https:\/\/schapter.ufpr.br\/portal\/2021\/05\/29\/minicurso-introducao-a-optica-quantica\/","title":{"rendered":"Minicurso: Introdu\u00e7\u00e3o \u00e0 \u00d3ptica Qu\u00e2ntica."},"content":{"rendered":"\n<p>Ministrado pelo Professor Sebasti\u00e3o Jos\u00e9 Nascimento de P\u00e1dua, que possui Doutorado em F\u00edsica pela State University of New York at Stony Brook na \u00e1rea de resfriamento de \u00e1tomos com laser. Fez seu \u00faltimo P\u00f3s-Doutorado na University of Glasgow, na Esc\u00f3cia, sobre \u00d3ptica Qu\u00e2ntica.<\/p>\n\n\n\n<p>Atualmente \u00e9 Professor titular na Universidade Federal de Minas Gerais. Tem experi\u00eancia na \u00e1rea de f\u00edsica experimental, com \u00eanfase em \u00d3ptica Qu\u00e2ntica, atuando principalmente nos temas: circuitos fot\u00f4nicos e informa\u00e7\u00e3o qu\u00e2ntica.<\/p>\n\n\n\n<div class=\"wp-block-image\"><figure class=\"aligncenter size-large is-resized\"><a href=\"https:\/\/www.instagram.com\/p\/CHIMF4bhvOx\/\"><img loading=\"lazy\" src=\"https:\/\/schapter.ufpr.br\/portal\/wp-content\/uploads\/2021\/05\/banner-minicurso-2-a-1-1024x1024.png\" alt=\"\" class=\"wp-image-664\" width=\"400\" height=\"400\" srcset=\"https:\/\/schapter.ufpr.br\/portal\/wp-content\/uploads\/2021\/05\/banner-minicurso-2-a-1-1024x1024.png 1024w, https:\/\/schapter.ufpr.br\/portal\/wp-content\/uploads\/2021\/05\/banner-minicurso-2-a-1-300x300.png 300w, https:\/\/schapter.ufpr.br\/portal\/wp-content\/uploads\/2021\/05\/banner-minicurso-2-a-1-150x150.png 150w, https:\/\/schapter.ufpr.br\/portal\/wp-content\/uploads\/2021\/05\/banner-minicurso-2-a-1-768x768.png 768w, https:\/\/schapter.ufpr.br\/portal\/wp-content\/uploads\/2021\/05\/banner-minicurso-2-a-1-98x98.png 98w, https:\/\/schapter.ufpr.br\/portal\/wp-content\/uploads\/2021\/05\/banner-minicurso-2-a-1-57x57.png 57w, https:\/\/schapter.ufpr.br\/portal\/wp-content\/uploads\/2021\/05\/banner-minicurso-2-a-1.png 1080w\" sizes=\"(max-width: 400px) 100vw, 400px\" \/><\/a><figcaption>Ilustra\u00e7\u00e3o: Marcelo Jean Machado.<\/figcaption><\/figure><\/div>\n","protected":false},"excerpt":{"rendered":"<p>Ministrado pelo Professor Sebasti\u00e3o Jos\u00e9 Nascimento de P\u00e1dua, que possui Doutorado em F\u00edsica pela State University of New York at Stony Brook na \u00e1rea de [&hellip;]<\/p>\n","protected":false},"author":3,"featured_media":0,"comment_status":"open","ping_status":"open","sticky":false,"template":"","format":"standard","meta":[],"categories":[14],"tags":[41],"_links":{"self":[{"href":"https:\/\/schapter.ufpr.br\/portal\/wp-json\/wp\/v2\/posts\/675"}],"collection":[{"href":"https:\/\/schapter.ufpr.br\/portal\/wp-json\/wp\/v2\/posts"}],"about":[{"href":"https:\/\/schapter.ufpr.br\/portal\/wp-json\/wp\/v2\/types\/post"}],"author":[{"embeddable":true,"href":"https:\/\/schapter.ufpr.br\/portal\/wp-json\/wp\/v2\/users\/3"}],"replies":[{"embeddable":true,"href":"https:\/\/schapter.ufpr.br\/portal\/wp-json\/wp\/v2\/comments?post=675"}],"version-history":[{"count":2,"href":"https:\/\/schapter.ufpr.br\/portal\/wp-json\/wp\/v2\/posts\/675\/revisions"}],"predecessor-version":[{"id":677,"href":"https:\/\/schapter.ufpr.br\/portal\/wp-json\/wp\/v2\/posts\/675\/revisions\/677"}],"wp:attachment":[{"href":"https:\/\/schapter.ufpr.br\/portal\/wp-json\/wp\/v2\/media?parent=675"}],"wp:term":[{"taxonomy":"category","embeddable":true,"href":"https:\/\/schapter.ufpr.br\/portal\/wp-json\/wp\/v2\/categories?post=675"},{"taxonomy":"post_tag","embeddable":true,"href":"https:\/\/schapter.ufpr.br\/portal\/wp-json\/wp\/v2\/tags?post=675"}],"curies":[{"name":"wp","href":"https:\/\/api.w.org\/{rel}","templated":true}]}}