{"id":672,"date":"2021-05-29T09:21:22","date_gmt":"2021-05-29T12:21:22","guid":{"rendered":"https:\/\/schapter.ufpr.br\/portal\/?p=672"},"modified":"2021-05-29T09:28:35","modified_gmt":"2021-05-29T12:28:35","slug":"minicurso-espectroscopia-ultrarrapida","status":"publish","type":"post","link":"https:\/\/schapter.ufpr.br\/portal\/2021\/05\/29\/minicurso-espectroscopia-ultrarrapida\/","title":{"rendered":"Minicurso: Espectroscopia Ultrarr\u00e1pida."},"content":{"rendered":"\n<p>Ministrado pelo Professor Franco Valduga de Almeida Camargo, que possui doutorado em F\u00edsico-Qu\u00edmica na \u00e1rea de Espectroscopia Ultrarr\u00e1pida focada em Espectroscopia Bidimensional Eletr\u00f4nica pela University of East Anglia (Norwich, Reino Unido).<\/p>\n\n\n\n<p>Finalizou seu P\u00f3s-Doutorado pelo Politecnico di Milano (Mil\u00e3o, It\u00e1lia) na \u00e1rea de Gera\u00e7\u00e3o de pulsos de luz ultracurtos e aplica\u00e7\u00f5es ao estudo de fen\u00f4meno ultrarr\u00e1pidos na mat\u00e9ria.<\/p>\n\n\n\n<p>Atualmente est\u00e1 iniciando um projeto na \u00e1rea de microscopia ultrarr\u00e1pida no Istituto di Fotonica e Nanotecnologie (CNR-IFN).<\/p>\n\n\n\n<div class=\"wp-block-image\"><figure class=\"aligncenter size-large is-resized\"><a href=\"https:\/\/www.instagram.com\/p\/CFDS-6nDDCa\/\"><img loading=\"lazy\" src=\"https:\/\/schapter.ufpr.br\/portal\/wp-content\/uploads\/2021\/05\/banner1-1024x1024.png\" alt=\"\" class=\"wp-image-659\" width=\"400\" height=\"400\" srcset=\"https:\/\/schapter.ufpr.br\/portal\/wp-content\/uploads\/2021\/05\/banner1-1024x1024.png 1024w, https:\/\/schapter.ufpr.br\/portal\/wp-content\/uploads\/2021\/05\/banner1-300x300.png 300w, https:\/\/schapter.ufpr.br\/portal\/wp-content\/uploads\/2021\/05\/banner1-150x150.png 150w, https:\/\/schapter.ufpr.br\/portal\/wp-content\/uploads\/2021\/05\/banner1-768x768.png 768w, https:\/\/schapter.ufpr.br\/portal\/wp-content\/uploads\/2021\/05\/banner1-98x98.png 98w, https:\/\/schapter.ufpr.br\/portal\/wp-content\/uploads\/2021\/05\/banner1-57x57.png 57w, https:\/\/schapter.ufpr.br\/portal\/wp-content\/uploads\/2021\/05\/banner1.png 1080w\" sizes=\"(max-width: 400px) 100vw, 400px\" \/><\/a><figcaption>Ilustra\u00e7\u00e3o: Marcelo Jean Machado.<\/figcaption><\/figure><\/div>\n","protected":false},"excerpt":{"rendered":"<p>Ministrado pelo Professor Franco Valduga de Almeida Camargo, que possui doutorado em F\u00edsico-Qu\u00edmica na \u00e1rea de Espectroscopia Ultrarr\u00e1pida focada em Espectroscopia Bidimensional Eletr\u00f4nica pela University [&hellip;]<\/p>\n","protected":false},"author":3,"featured_media":0,"comment_status":"open","ping_status":"open","sticky":false,"template":"","format":"standard","meta":[],"categories":[14],"tags":[41],"_links":{"self":[{"href":"https:\/\/schapter.ufpr.br\/portal\/wp-json\/wp\/v2\/posts\/672"}],"collection":[{"href":"https:\/\/schapter.ufpr.br\/portal\/wp-json\/wp\/v2\/posts"}],"about":[{"href":"https:\/\/schapter.ufpr.br\/portal\/wp-json\/wp\/v2\/types\/post"}],"author":[{"embeddable":true,"href":"https:\/\/schapter.ufpr.br\/portal\/wp-json\/wp\/v2\/users\/3"}],"replies":[{"embeddable":true,"href":"https:\/\/schapter.ufpr.br\/portal\/wp-json\/wp\/v2\/comments?post=672"}],"version-history":[{"count":2,"href":"https:\/\/schapter.ufpr.br\/portal\/wp-json\/wp\/v2\/posts\/672\/revisions"}],"predecessor-version":[{"id":681,"href":"https:\/\/schapter.ufpr.br\/portal\/wp-json\/wp\/v2\/posts\/672\/revisions\/681"}],"wp:attachment":[{"href":"https:\/\/schapter.ufpr.br\/portal\/wp-json\/wp\/v2\/media?parent=672"}],"wp:term":[{"taxonomy":"category","embeddable":true,"href":"https:\/\/schapter.ufpr.br\/portal\/wp-json\/wp\/v2\/categories?post=672"},{"taxonomy":"post_tag","embeddable":true,"href":"https:\/\/schapter.ufpr.br\/portal\/wp-json\/wp\/v2\/tags?post=672"}],"curies":[{"name":"wp","href":"https:\/\/api.w.org\/{rel}","templated":true}]}}