{"id":612,"date":"2021-05-28T14:00:20","date_gmt":"2021-05-28T17:00:20","guid":{"rendered":"https:\/\/schapter.ufpr.br\/portal\/?p=612"},"modified":"2021-11-15T16:02:19","modified_gmt":"2021-11-15T19:02:19","slug":"a-optica-na-escola-pitagorica","status":"publish","type":"post","link":"https:\/\/schapter.ufpr.br\/portal\/2021\/05\/28\/a-optica-na-escola-pitagorica\/","title":{"rendered":"A \u00d3ptica na Escola Pitag\u00f3rica."},"content":{"rendered":"\n<p>Apesar da ideia de <strong><a href=\"https:\/\/schapter.ufpr.br\/portal\/2021\/05\/28\/a-optica-na-escola-pitagorica\/\">Hom\u00e9ro<\/a><\/strong> ser um tanto quanto distante do que se conhece hoje, trouxe \u00e0 ideia a Pit\u00e1goras (<em>570 a.C. &#8211; 496 a.C.<\/em>), que refutou Hom\u00e9ro afirmando que os raios de luz n\u00e3o s\u00e3o provenientes dos olhos do observador mas sim do pr\u00f3prio objeto, por\u00e9m, se estiv\u00e9ssemos no escuro, como mostra na figura abaixo &#8230;<\/p>\n\n\n\n<div class=\"wp-block-image\"><figure class=\"aligncenter size-large is-resized\"><a href=\"https:\/\/www.instagram.com\/p\/CDkTc9ED-Mv\/\"><img loading=\"lazy\" src=\"https:\/\/schapter.ufpr.br\/portal\/wp-content\/uploads\/2021\/05\/tira2-1024x341.png\" alt=\"\" class=\"wp-image-251\" width=\"1024\" height=\"341\" srcset=\"https:\/\/schapter.ufpr.br\/portal\/wp-content\/uploads\/2021\/05\/tira2-1024x341.png 1024w, https:\/\/schapter.ufpr.br\/portal\/wp-content\/uploads\/2021\/05\/tira2-300x100.png 300w, https:\/\/schapter.ufpr.br\/portal\/wp-content\/uploads\/2021\/05\/tira2-768x256.png 768w, https:\/\/schapter.ufpr.br\/portal\/wp-content\/uploads\/2021\/05\/tira2-1536x512.png 1536w, https:\/\/schapter.ufpr.br\/portal\/wp-content\/uploads\/2021\/05\/tira2-2048x683.png 2048w, https:\/\/schapter.ufpr.br\/portal\/wp-content\/uploads\/2021\/05\/tira2-175x58.png 175w, https:\/\/schapter.ufpr.br\/portal\/wp-content\/uploads\/2021\/05\/tira2-75x25.png 75w\" sizes=\"(max-width: 1024px) 100vw, 1024px\" \/><\/a><figcaption>Textos: Mois\u00e9s Willian de Almeida. Arte: Marcelo Jean Machado.<\/figcaption><\/figure><\/div>\n\n\n\n<p>Mas Pit\u00e1goras foi muito al\u00e9m, desenvolvendo toda uma estrutura l\u00f3gica, todo um pensamento por tr\u00e1s disso, que junto de assuntos muito mais abrangentes, ficou conhecido como <strong>Escola Pitag\u00f3rica<\/strong>. A escola pitag\u00f3rica influenciou diversos fil\u00f3sofos da \u00e9poca e ap\u00f3s, alguns dos quais ainda ser\u00e3o citados aqui, sendo portanto de grande relev\u00e2ncia para o desenvolvimento das ideias que iriam compor a \u00d3ptica nos anos seguintes.<\/p>\n","protected":false},"excerpt":{"rendered":"<p>Apesar da ideia de Hom\u00e9ro ser um tanto quanto distante do que se conhece hoje, trouxe \u00e0 ideia a Pit\u00e1goras (570 a.C. &#8211; 496 a.C.), [&hellip;]<\/p>\n","protected":false},"author":21,"featured_media":0,"comment_status":"open","ping_status":"open","sticky":false,"template":"","format":"standard","meta":[],"categories":[15,16],"tags":[40,5,6],"_links":{"self":[{"href":"https:\/\/schapter.ufpr.br\/portal\/wp-json\/wp\/v2\/posts\/612"}],"collection":[{"href":"https:\/\/schapter.ufpr.br\/portal\/wp-json\/wp\/v2\/posts"}],"about":[{"href":"https:\/\/schapter.ufpr.br\/portal\/wp-json\/wp\/v2\/types\/post"}],"author":[{"embeddable":true,"href":"https:\/\/schapter.ufpr.br\/portal\/wp-json\/wp\/v2\/users\/21"}],"replies":[{"embeddable":true,"href":"https:\/\/schapter.ufpr.br\/portal\/wp-json\/wp\/v2\/comments?post=612"}],"version-history":[{"count":8,"href":"https:\/\/schapter.ufpr.br\/portal\/wp-json\/wp\/v2\/posts\/612\/revisions"}],"predecessor-version":[{"id":1782,"href":"https:\/\/schapter.ufpr.br\/portal\/wp-json\/wp\/v2\/posts\/612\/revisions\/1782"}],"wp:attachment":[{"href":"https:\/\/schapter.ufpr.br\/portal\/wp-json\/wp\/v2\/media?parent=612"}],"wp:term":[{"taxonomy":"category","embeddable":true,"href":"https:\/\/schapter.ufpr.br\/portal\/wp-json\/wp\/v2\/categories?post=612"},{"taxonomy":"post_tag","embeddable":true,"href":"https:\/\/schapter.ufpr.br\/portal\/wp-json\/wp\/v2\/tags?post=612"}],"curies":[{"name":"wp","href":"https:\/\/api.w.org\/{rel}","templated":true}]}}