{"id":605,"date":"2021-05-28T13:39:33","date_gmt":"2021-05-28T16:39:33","guid":{"rendered":"https:\/\/schapter.ufpr.br\/portal\/?p=605"},"modified":"2021-08-03T14:51:49","modified_gmt":"2021-08-03T17:51:49","slug":"homero-e-a-origem-do-pensamento-da-luz","status":"publish","type":"post","link":"https:\/\/schapter.ufpr.br\/portal\/2021\/05\/28\/homero-e-a-origem-do-pensamento-da-luz\/","title":{"rendered":"Hom\u00e9ro e a Origem do pensamento da Luz."},"content":{"rendered":"\n<p>O termo \u2018\u00f3ptica\u2019 demorou para surgir, mas j\u00e1 era algo que deixava os gregos a antiguidade curiosos, ent\u00e3o em um certo momento come\u00e7aram a questionar sobre a natureza da luz e foi na Gr\u00e9cia o ber\u00e7o desta \u00e1rea de estudo, assim como boa parte do conhecimento ocidental. O principal foco dos gregos era entender como funcionava o processo da vis\u00e3o, afinal se preocupavam com a quest\u00e3o de como nossos sentidos poderiam influenciar na forma como interpretamos o mundo ao redor.<\/p>\n\n\n\n<p>O primeiro registro que temos, e o mais antigo, \u00e9 de Homero (<em>~ IX a.C.<\/em>), conhecido principalmente por seus poemas Il\u00edada e Odisseia, mas que tamb\u00e9m buscou compreender o processo da vis\u00e3o e elaborou a ideia de que os olhos disparavam raios de luz que ao chegar a um objeto nos permitia enxerg\u00e1-lo, tipo o Super Man, mas &#8230;<\/p>\n\n\n\n<div class=\"wp-block-image\"><figure class=\"aligncenter size-large is-resized\"><a href=\"https:\/\/www.instagram.com\/p\/CDJzkHtj-Br\/\"><img loading=\"lazy\" src=\"https:\/\/schapter.ufpr.br\/portal\/wp-content\/uploads\/2021\/05\/tira-1-1024x393.png\" alt=\"\" class=\"wp-image-250\" width=\"1024\" height=\"393\" srcset=\"https:\/\/schapter.ufpr.br\/portal\/wp-content\/uploads\/2021\/05\/tira-1-1024x393.png 1024w, https:\/\/schapter.ufpr.br\/portal\/wp-content\/uploads\/2021\/05\/tira-1-300x115.png 300w, https:\/\/schapter.ufpr.br\/portal\/wp-content\/uploads\/2021\/05\/tira-1-768x295.png 768w, https:\/\/schapter.ufpr.br\/portal\/wp-content\/uploads\/2021\/05\/tira-1-1536x590.png 1536w, https:\/\/schapter.ufpr.br\/portal\/wp-content\/uploads\/2021\/05\/tira-1-2048x786.png 2048w, https:\/\/schapter.ufpr.br\/portal\/wp-content\/uploads\/2021\/05\/tira-1-175x67.png 175w, https:\/\/schapter.ufpr.br\/portal\/wp-content\/uploads\/2021\/05\/tira-1-75x29.png 75w\" sizes=\"(max-width: 1024px) 100vw, 1024px\" \/><\/a><figcaption>Texto: Mois\u00e9s Willian de Almeida. <br>Ilustra\u00e7\u00e3o: Marcelo Jean Machado.<\/figcaption><\/figure><\/div>\n\n\n\n<p>Al\u00e9m disso, Homero imaginou a luz como sendo constitu\u00edda por corp\u00fasculos, isto \u00e9, sequ\u00eancia de part\u00edculas, um pensamento que foi predominante por s\u00e9culos, e posteriormente inspirou Newton em seus escritos sobre a natureza da luz no famoso livro <strong>\u00d3ptica<\/strong>.<\/p>\n","protected":false},"excerpt":{"rendered":"<p>O termo \u2018\u00f3ptica\u2019 demorou para surgir, mas j\u00e1 era algo que deixava os gregos a antiguidade curiosos, ent\u00e3o em um certo momento come\u00e7aram a questionar [&hellip;]<\/p>\n","protected":false},"author":21,"featured_media":0,"comment_status":"open","ping_status":"open","sticky":false,"template":"","format":"standard","meta":[],"categories":[15,16],"tags":[40,5,6],"_links":{"self":[{"href":"https:\/\/schapter.ufpr.br\/portal\/wp-json\/wp\/v2\/posts\/605"}],"collection":[{"href":"https:\/\/schapter.ufpr.br\/portal\/wp-json\/wp\/v2\/posts"}],"about":[{"href":"https:\/\/schapter.ufpr.br\/portal\/wp-json\/wp\/v2\/types\/post"}],"author":[{"embeddable":true,"href":"https:\/\/schapter.ufpr.br\/portal\/wp-json\/wp\/v2\/users\/21"}],"replies":[{"embeddable":true,"href":"https:\/\/schapter.ufpr.br\/portal\/wp-json\/wp\/v2\/comments?post=605"}],"version-history":[{"count":15,"href":"https:\/\/schapter.ufpr.br\/portal\/wp-json\/wp\/v2\/posts\/605\/revisions"}],"predecessor-version":[{"id":1780,"href":"https:\/\/schapter.ufpr.br\/portal\/wp-json\/wp\/v2\/posts\/605\/revisions\/1780"}],"wp:attachment":[{"href":"https:\/\/schapter.ufpr.br\/portal\/wp-json\/wp\/v2\/media?parent=605"}],"wp:term":[{"taxonomy":"category","embeddable":true,"href":"https:\/\/schapter.ufpr.br\/portal\/wp-json\/wp\/v2\/categories?post=605"},{"taxonomy":"post_tag","embeddable":true,"href":"https:\/\/schapter.ufpr.br\/portal\/wp-json\/wp\/v2\/tags?post=605"}],"curies":[{"name":"wp","href":"https:\/\/api.w.org\/{rel}","templated":true}]}}