{"id":563,"date":"2021-05-28T10:38:55","date_gmt":"2021-05-28T13:38:55","guid":{"rendered":"https:\/\/schapter.ufpr.br\/portal\/?p=563"},"modified":"2021-07-12T13:51:57","modified_gmt":"2021-07-12T16:51:57","slug":"cafe-com-led-1-denise-zezell-trajetoria-e-preconceitos-por-ser-mulher","status":"publish","type":"post","link":"https:\/\/schapter.ufpr.br\/portal\/2021\/05\/28\/cafe-com-led-1-denise-zezell-trajetoria-e-preconceitos-por-ser-mulher\/","title":{"rendered":"Caf\u00e9 com LED! #1 \u2013 Denise Zezell: Trajet\u00f3ria e Preconceitos por ser Mulher."},"content":{"rendered":"\n<p>O UFPR Student Chapter traz o primeiro epis\u00f3dio do Caf\u00e9 com LED, um Podcast gravado com a participa\u00e7\u00e3o especial da Professora Doutora Denise Maria Zezell, sobre a sua interessante trajet\u00f3ria contando sobre sua carreira e os diversos preconceitos que sofreu por ser uma Mulher que entrou para a \u00e1rea de F\u00edsica com foco na Biologia (Biofot\u00f4nica).<\/p>\n\n\n\n<p>Para ouvir o podcast, clique no player abaixo:<\/p>\n\n\n\n<figure class=\"wp-block-embed is-type-rich is-provider-spotify wp-block-embed-spotify wp-embed-aspect-21-9 wp-has-aspect-ratio\"><div class=\"wp-block-embed__wrapper\">\n<iframe title=\"Spotify Embed: Denise Zezell: Trajet\u00f3ria e Preconceitos por ser Mulher - Caf\u00e9 com LED! #1\" width=\"100%\" height=\"232\" allowtransparency=\"true\" frameborder=\"0\" allow=\"encrypted-media\" src=\"https:\/\/open.spotify.com\/embed\/episode\/5qTW0DuKM7xsZzTQq1rMf5?si=-WuL6RnXT0aIxLO5PmLhXA&#038;dl_branch=1\"><\/iframe>\n<\/div><\/figure>\n\n\n\n<p>Para ser redirecionado ao podcast no YouTube, clique no banner abaixo.<\/p>\n\n\n\n<div class=\"wp-block-image\"><figure class=\"aligncenter size-large is-resized\"><a href=\"https:\/\/open.spotify.com\/episode\/5qTW0DuKM7xsZzTQq1rMf5?si=gDToi5flSd6sM2PZkXcy0w\"><img loading=\"lazy\" src=\"https:\/\/schapter.ufpr.br\/portal\/wp-content\/uploads\/2021\/05\/banner-cafe-com-led-1024x1024.png\" alt=\"\" class=\"wp-image-564\" width=\"400\" height=\"400\" srcset=\"https:\/\/schapter.ufpr.br\/portal\/wp-content\/uploads\/2021\/05\/banner-cafe-com-led-1024x1024.png 1024w, https:\/\/schapter.ufpr.br\/portal\/wp-content\/uploads\/2021\/05\/banner-cafe-com-led-300x300.png 300w, https:\/\/schapter.ufpr.br\/portal\/wp-content\/uploads\/2021\/05\/banner-cafe-com-led-150x150.png 150w, https:\/\/schapter.ufpr.br\/portal\/wp-content\/uploads\/2021\/05\/banner-cafe-com-led-768x768.png 768w, https:\/\/schapter.ufpr.br\/portal\/wp-content\/uploads\/2021\/05\/banner-cafe-com-led-98x98.png 98w, https:\/\/schapter.ufpr.br\/portal\/wp-content\/uploads\/2021\/05\/banner-cafe-com-led-57x57.png 57w, https:\/\/schapter.ufpr.br\/portal\/wp-content\/uploads\/2021\/05\/banner-cafe-com-led.png 1080w\" sizes=\"(max-width: 400px) 100vw, 400px\" \/><\/a><figcaption>Ilustra\u00e7\u00e3o: Marcelo Jean Machado.<\/figcaption><\/figure><\/div>\n","protected":false},"excerpt":{"rendered":"<p>O UFPR Student Chapter traz o primeiro epis\u00f3dio do Caf\u00e9 com LED, um Podcast gravado com a participa\u00e7\u00e3o especial da Professora Doutora Denise Maria Zezell, [&hellip;]<\/p>\n","protected":false},"author":3,"featured_media":0,"comment_status":"open","ping_status":"open","sticky":false,"template":"","format":"standard","meta":[],"categories":[19,20],"tags":[37],"_links":{"self":[{"href":"https:\/\/schapter.ufpr.br\/portal\/wp-json\/wp\/v2\/posts\/563"}],"collection":[{"href":"https:\/\/schapter.ufpr.br\/portal\/wp-json\/wp\/v2\/posts"}],"about":[{"href":"https:\/\/schapter.ufpr.br\/portal\/wp-json\/wp\/v2\/types\/post"}],"author":[{"embeddable":true,"href":"https:\/\/schapter.ufpr.br\/portal\/wp-json\/wp\/v2\/users\/3"}],"replies":[{"embeddable":true,"href":"https:\/\/schapter.ufpr.br\/portal\/wp-json\/wp\/v2\/comments?post=563"}],"version-history":[{"count":4,"href":"https:\/\/schapter.ufpr.br\/portal\/wp-json\/wp\/v2\/posts\/563\/revisions"}],"predecessor-version":[{"id":1025,"href":"https:\/\/schapter.ufpr.br\/portal\/wp-json\/wp\/v2\/posts\/563\/revisions\/1025"}],"wp:attachment":[{"href":"https:\/\/schapter.ufpr.br\/portal\/wp-json\/wp\/v2\/media?parent=563"}],"wp:term":[{"taxonomy":"category","embeddable":true,"href":"https:\/\/schapter.ufpr.br\/portal\/wp-json\/wp\/v2\/categories?post=563"},{"taxonomy":"post_tag","embeddable":true,"href":"https:\/\/schapter.ufpr.br\/portal\/wp-json\/wp\/v2\/tags?post=563"}],"curies":[{"name":"wp","href":"https:\/\/api.w.org\/{rel}","templated":true}]}}