{"id":1987,"date":"2021-12-10T16:57:26","date_gmt":"2021-12-10T19:57:26","guid":{"rendered":"https:\/\/schapter.ufpr.br\/portal\/?p=1987"},"modified":"2021-12-10T16:57:26","modified_gmt":"2021-12-10T19:57:26","slug":"laureados-da-optica-max-planck-e-a-descoberta-do-quanta-de-energia-%e2%9a%9b%ef%b8%8f","status":"publish","type":"post","link":"https:\/\/schapter.ufpr.br\/portal\/2021\/12\/10\/laureados-da-optica-max-planck-e-a-descoberta-do-quanta-de-energia-%e2%9a%9b%ef%b8%8f\/","title":{"rendered":"Laureados da \u00d3ptica: Max Planck e a descoberta do quanta de energia \u269b\ufe0f"},"content":{"rendered":"\n<p>Voc\u00ea sabe quem foi Max Planck?<\/p>\n\n\n\n<p>Max Karl Ernst Ludwig Planck foi um f\u00edsico alem\u00e3o, que \u00e9 considerado o pai da f\u00edsica qu\u00e2ntica e um dos f\u00edsicos mais importantes do s\u00e9culo XX.<\/p>\n\n\n\n<div class=\"wp-block-image\"><figure class=\"aligncenter size-large is-resized\"><a href=\"https:\/\/www.instagram.com\/p\/CXOnQPMO2rh\/\"><img loading=\"lazy\" src=\"https:\/\/schapter.ufpr.br\/portal\/wp-content\/uploads\/2021\/12\/planck-1-1-1024x1024.png\" alt=\"\" class=\"wp-image-1989\" width=\"400\" height=\"400\" srcset=\"https:\/\/schapter.ufpr.br\/portal\/wp-content\/uploads\/2021\/12\/planck-1-1-1024x1024.png 1024w, https:\/\/schapter.ufpr.br\/portal\/wp-content\/uploads\/2021\/12\/planck-1-1-300x300.png 300w, https:\/\/schapter.ufpr.br\/portal\/wp-content\/uploads\/2021\/12\/planck-1-1-150x150.png 150w, https:\/\/schapter.ufpr.br\/portal\/wp-content\/uploads\/2021\/12\/planck-1-1-768x768.png 768w, https:\/\/schapter.ufpr.br\/portal\/wp-content\/uploads\/2021\/12\/planck-1-1-98x98.png 98w, https:\/\/schapter.ufpr.br\/portal\/wp-content\/uploads\/2021\/12\/planck-1-1-57x57.png 57w, https:\/\/schapter.ufpr.br\/portal\/wp-content\/uploads\/2021\/12\/planck-1-1.png 1080w\" sizes=\"(max-width: 400px) 100vw, 400px\" \/><\/a><figcaption>Publica\u00e7\u00e3o: Matheus H. Reule e Ilustra\u00e7\u00e3o: Jorge Vin\u00edcius Malosti da Silveira.<\/figcaption><\/figure><\/div>\n\n\n\n<p>Planck foi laureado com o Nobel de F\u00edsica de 1918, em reconhecimento de suas contribui\u00e7\u00f5es para a descoberta do quanta de energia!<\/p>\n\n\n\n<div class=\"wp-block-image\"><figure class=\"aligncenter size-large is-resized\"><a href=\"https:\/\/www.instagram.com\/p\/CXOnQPMO2rh\/\"><img loading=\"lazy\" src=\"https:\/\/schapter.ufpr.br\/portal\/wp-content\/uploads\/2021\/12\/planck-2-1024x1024.png\" alt=\"\" class=\"wp-image-1990\" width=\"400\" height=\"400\" srcset=\"https:\/\/schapter.ufpr.br\/portal\/wp-content\/uploads\/2021\/12\/planck-2-1024x1024.png 1024w, https:\/\/schapter.ufpr.br\/portal\/wp-content\/uploads\/2021\/12\/planck-2-300x300.png 300w, https:\/\/schapter.ufpr.br\/portal\/wp-content\/uploads\/2021\/12\/planck-2-150x150.png 150w, https:\/\/schapter.ufpr.br\/portal\/wp-content\/uploads\/2021\/12\/planck-2-768x768.png 768w, https:\/\/schapter.ufpr.br\/portal\/wp-content\/uploads\/2021\/12\/planck-2-98x98.png 98w, https:\/\/schapter.ufpr.br\/portal\/wp-content\/uploads\/2021\/12\/planck-2-57x57.png 57w, https:\/\/schapter.ufpr.br\/portal\/wp-content\/uploads\/2021\/12\/planck-2.png 1080w\" sizes=\"(max-width: 400px) 100vw, 400px\" \/><\/a><figcaption>Publica\u00e7\u00e3o: Matheus H. Reule e Ilustra\u00e7\u00e3o: Jorge Vin\u00edcius Malosti da Silveira.<\/figcaption><\/figure><\/div>\n\n\n\n<p>Refer\u00eancias:<\/p>\n\n\n\n<p><br><a href=\"https:\/\/www.nobelprize.org\/prizes\/physics\/1921\/summary\/#:~:text=The%20Nobel%20Prize%20in%20Physics%201921%20was%20awarded%20to%20Albert,one%20year%20later%2C%20in%201922.\">https:\/\/www.nobelprize.org\/prizes\/physics\/1918\/summary\/<\/a><\/p>\n","protected":false},"excerpt":{"rendered":"<p>Voc\u00ea sabe quem foi Max Planck? Max Karl Ernst Ludwig Planck foi um f\u00edsico alem\u00e3o, que \u00e9 considerado o pai da f\u00edsica qu\u00e2ntica e um [&hellip;]<\/p>\n","protected":false},"author":3,"featured_media":0,"comment_status":"open","ping_status":"open","sticky":false,"template":"","format":"standard","meta":[],"categories":[13,12],"tags":[54],"_links":{"self":[{"href":"https:\/\/schapter.ufpr.br\/portal\/wp-json\/wp\/v2\/posts\/1987"}],"collection":[{"href":"https:\/\/schapter.ufpr.br\/portal\/wp-json\/wp\/v2\/posts"}],"about":[{"href":"https:\/\/schapter.ufpr.br\/portal\/wp-json\/wp\/v2\/types\/post"}],"author":[{"embeddable":true,"href":"https:\/\/schapter.ufpr.br\/portal\/wp-json\/wp\/v2\/users\/3"}],"replies":[{"embeddable":true,"href":"https:\/\/schapter.ufpr.br\/portal\/wp-json\/wp\/v2\/comments?post=1987"}],"version-history":[{"count":1,"href":"https:\/\/schapter.ufpr.br\/portal\/wp-json\/wp\/v2\/posts\/1987\/revisions"}],"predecessor-version":[{"id":1991,"href":"https:\/\/schapter.ufpr.br\/portal\/wp-json\/wp\/v2\/posts\/1987\/revisions\/1991"}],"wp:attachment":[{"href":"https:\/\/schapter.ufpr.br\/portal\/wp-json\/wp\/v2\/media?parent=1987"}],"wp:term":[{"taxonomy":"category","embeddable":true,"href":"https:\/\/schapter.ufpr.br\/portal\/wp-json\/wp\/v2\/categories?post=1987"},{"taxonomy":"post_tag","embeddable":true,"href":"https:\/\/schapter.ufpr.br\/portal\/wp-json\/wp\/v2\/tags?post=1987"}],"curies":[{"name":"wp","href":"https:\/\/api.w.org\/{rel}","templated":true}]}}