{"id":1556,"date":"2021-10-21T21:40:43","date_gmt":"2021-10-22T00:40:43","guid":{"rendered":"https:\/\/schapter.ufpr.br\/portal\/?p=1556"},"modified":"2021-10-21T21:43:55","modified_gmt":"2021-10-22T00:43:55","slug":"dia-da-fotonica","status":"publish","type":"post","link":"https:\/\/schapter.ufpr.br\/portal\/2021\/10\/21\/dia-da-fotonica\/","title":{"rendered":"Dia da Fot\u00f4nica"},"content":{"rendered":"\n<div class=\"wp-block-image\"><figure class=\"aligncenter size-large is-resized\"><a href=\"https:\/\/www.instagram.com\/p\/CVT5WPirkFS\/\"><img loading=\"lazy\" src=\"https:\/\/schapter.ufpr.br\/portal\/wp-content\/uploads\/2021\/10\/1-2-1024x1024.png\" alt=\"\" class=\"wp-image-1557\" width=\"400\" height=\"400\" srcset=\"https:\/\/schapter.ufpr.br\/portal\/wp-content\/uploads\/2021\/10\/1-2-1024x1024.png 1024w, https:\/\/schapter.ufpr.br\/portal\/wp-content\/uploads\/2021\/10\/1-2-300x300.png 300w, https:\/\/schapter.ufpr.br\/portal\/wp-content\/uploads\/2021\/10\/1-2-150x150.png 150w, https:\/\/schapter.ufpr.br\/portal\/wp-content\/uploads\/2021\/10\/1-2-768x768.png 768w, https:\/\/schapter.ufpr.br\/portal\/wp-content\/uploads\/2021\/10\/1-2-98x98.png 98w, https:\/\/schapter.ufpr.br\/portal\/wp-content\/uploads\/2021\/10\/1-2-57x57.png 57w, https:\/\/schapter.ufpr.br\/portal\/wp-content\/uploads\/2021\/10\/1-2.png 1080w\" sizes=\"(max-width: 400px) 100vw, 400px\" \/><\/a><figcaption>Texto: Yohan Szuszko Soares. Ilustra\u00e7\u00e3o: Camille Vit\u00f3ria Unger.<\/figcaption><\/figure><\/div>\n\n\n\n<p>Em 1983 no dia <strong>21 de outubro<\/strong> foi a data em que a <strong>Confer\u00eancia Geral de Pesos e Medidas (CGPM)<\/strong> adotou o valor de <em>299.792,458 Km\/s<\/em> para a <strong>velocidade da luz<\/strong>!<\/p>\n\n\n\n<p>Fot\u00f4nica \u00e9 a<strong> ci\u00eancia da luz<\/strong>, do grego, &#8220;<strong>f\u00f3tons<\/strong>&#8221; significa <strong>luz<\/strong>. Uma analogia para entender o conceito \u00e9 pensar na palavra dos el\u00e9trons. A fot\u00f4nica \u00e9 a ci\u00eancia que estuda as formas de gera\u00e7\u00e3o, transmiss\u00e3o e detec\u00e7\u00e3o de f\u00f3tons, a luz.<\/p>\n\n\n\n<div class=\"wp-block-image\"><figure class=\"aligncenter size-large is-resized\"><a href=\"https:\/\/www.instagram.com\/p\/CVT5WPirkFS\/\"><img loading=\"lazy\" src=\"https:\/\/schapter.ufpr.br\/portal\/wp-content\/uploads\/2021\/10\/3-1024x1024.png\" alt=\"\" class=\"wp-image-1558\" width=\"400\" height=\"400\" srcset=\"https:\/\/schapter.ufpr.br\/portal\/wp-content\/uploads\/2021\/10\/3-1024x1024.png 1024w, https:\/\/schapter.ufpr.br\/portal\/wp-content\/uploads\/2021\/10\/3-300x300.png 300w, https:\/\/schapter.ufpr.br\/portal\/wp-content\/uploads\/2021\/10\/3-150x150.png 150w, https:\/\/schapter.ufpr.br\/portal\/wp-content\/uploads\/2021\/10\/3-768x768.png 768w, https:\/\/schapter.ufpr.br\/portal\/wp-content\/uploads\/2021\/10\/3-98x98.png 98w, https:\/\/schapter.ufpr.br\/portal\/wp-content\/uploads\/2021\/10\/3-57x57.png 57w, https:\/\/schapter.ufpr.br\/portal\/wp-content\/uploads\/2021\/10\/3.png 1080w\" sizes=\"(max-width: 400px) 100vw, 400px\" \/><\/a><figcaption>Texto: Yohan Szuszko Soares. Ilustra\u00e7\u00e3o: Camille Vit\u00f3ria Unger.<\/figcaption><\/figure><\/div>\n\n\n\n<p>E em comemora\u00e7\u00e3o ao <strong>dia da fot\u00f4nica<\/strong>, convidamos a todas e todos a conferirem o <strong>quebra-cabe\u00e7a da Donna Strickland,<\/strong> que faz parte da s\u00e9rie tem\u00e1tica \u201c<strong>Mulheres do Nobel<\/strong>\u201d do projeto de extens\u00e3o\u00a0<a href=\"https:\/\/www.instagram.com\/mulheresnasciencias.ufpr\/\"><strong>@mulheresnasciencias.ufpr<\/strong><\/a> Link<a href=\"http:\/\/Quebra-cabe\u00e7a\"> quebra-cabe\u00e7a.<\/a><\/p>\n\n\n\n<div class=\"wp-block-image\"><figure class=\"aligncenter size-large is-resized\"><a href=\"https:\/\/www.instagram.com\/p\/CVT5WPirkFS\/\"><img loading=\"lazy\" src=\"https:\/\/schapter.ufpr.br\/portal\/wp-content\/uploads\/2021\/10\/4-1024x1024.png\" alt=\"\" class=\"wp-image-1559\" width=\"400\" height=\"400\" srcset=\"https:\/\/schapter.ufpr.br\/portal\/wp-content\/uploads\/2021\/10\/4-1024x1024.png 1024w, https:\/\/schapter.ufpr.br\/portal\/wp-content\/uploads\/2021\/10\/4-300x300.png 300w, https:\/\/schapter.ufpr.br\/portal\/wp-content\/uploads\/2021\/10\/4-150x150.png 150w, https:\/\/schapter.ufpr.br\/portal\/wp-content\/uploads\/2021\/10\/4-768x768.png 768w, https:\/\/schapter.ufpr.br\/portal\/wp-content\/uploads\/2021\/10\/4-98x98.png 98w, https:\/\/schapter.ufpr.br\/portal\/wp-content\/uploads\/2021\/10\/4-57x57.png 57w, https:\/\/schapter.ufpr.br\/portal\/wp-content\/uploads\/2021\/10\/4.png 1080w\" sizes=\"(max-width: 400px) 100vw, 400px\" \/><\/a><figcaption>Texto: Yohan Szuszko Soares. Ilustra\u00e7\u00e3o: Camille Vit\u00f3ria Unger.<\/figcaption><\/figure><\/div>\n\n\n\n<p><strong>Donna Strickland<\/strong>, a terceira mulher a receber o <strong>Pr\u00eamio Nobel de F\u00edsica<\/strong>, foi laureada pela cria\u00e7\u00e3o de um m\u00e9todo para <strong>amplifica\u00e7\u00e3o de pulsos de laser<\/strong>, sendo utilizado atualmente por milhares de m\u00e9dicos em cirurgias oculares. <\/p>\n","protected":false},"excerpt":{"rendered":"<p>Em 1983 no dia 21 de outubro foi a data em que a Confer\u00eancia Geral de Pesos e Medidas (CGPM) adotou o valor de 299.792,458 [&hellip;]<\/p>\n","protected":false},"author":3,"featured_media":0,"comment_status":"open","ping_status":"open","sticky":false,"template":"","format":"standard","meta":[],"categories":[66],"tags":[69],"_links":{"self":[{"href":"https:\/\/schapter.ufpr.br\/portal\/wp-json\/wp\/v2\/posts\/1556"}],"collection":[{"href":"https:\/\/schapter.ufpr.br\/portal\/wp-json\/wp\/v2\/posts"}],"about":[{"href":"https:\/\/schapter.ufpr.br\/portal\/wp-json\/wp\/v2\/types\/post"}],"author":[{"embeddable":true,"href":"https:\/\/schapter.ufpr.br\/portal\/wp-json\/wp\/v2\/users\/3"}],"replies":[{"embeddable":true,"href":"https:\/\/schapter.ufpr.br\/portal\/wp-json\/wp\/v2\/comments?post=1556"}],"version-history":[{"count":2,"href":"https:\/\/schapter.ufpr.br\/portal\/wp-json\/wp\/v2\/posts\/1556\/revisions"}],"predecessor-version":[{"id":1562,"href":"https:\/\/schapter.ufpr.br\/portal\/wp-json\/wp\/v2\/posts\/1556\/revisions\/1562"}],"wp:attachment":[{"href":"https:\/\/schapter.ufpr.br\/portal\/wp-json\/wp\/v2\/media?parent=1556"}],"wp:term":[{"taxonomy":"category","embeddable":true,"href":"https:\/\/schapter.ufpr.br\/portal\/wp-json\/wp\/v2\/categories?post=1556"},{"taxonomy":"post_tag","embeddable":true,"href":"https:\/\/schapter.ufpr.br\/portal\/wp-json\/wp\/v2\/tags?post=1556"}],"curies":[{"name":"wp","href":"https:\/\/api.w.org\/{rel}","templated":true}]}}