{"id":1542,"date":"2021-10-05T19:31:56","date_gmt":"2021-10-05T22:31:56","guid":{"rendered":"https:\/\/schapter.ufpr.br\/portal\/?p=1542"},"modified":"2021-11-15T14:01:32","modified_gmt":"2021-11-15T17:01:32","slug":"dia-mundial-do-professor-%f0%9f%91%a9%e2%80%8d%f0%9f%8f%ab%f0%9f%91%a8%e2%80%8d%f0%9f%8f%ab","status":"publish","type":"post","link":"https:\/\/schapter.ufpr.br\/portal\/2021\/10\/05\/dia-mundial-do-professor-%f0%9f%91%a9%e2%80%8d%f0%9f%8f%ab%f0%9f%91%a8%e2%80%8d%f0%9f%8f%ab\/","title":{"rendered":"Dia Mundial do Professor \ud83d\udc69\u200d\ud83c\udfeb\ud83d\udc68\u200d\ud83c\udfeb"},"content":{"rendered":"\n<p>Neste Dia Mundial do Professor (05\/10), estamos celebrando a for\u00e7a e a resili\u00eancia da comunidade global de educadores. Em um ano que ensinou tanto a todos n\u00f3s, voc\u00ea Professor ensinou de volta.<\/p>\n\n\n\n<div class=\"wp-block-image\"><figure class=\"aligncenter size-large is-resized\"><img loading=\"lazy\" src=\"https:\/\/schapter.ufpr.br\/portal\/wp-content\/uploads\/2021\/10\/1-1.png\" alt=\"\" class=\"wp-image-1544\" width=\"400\" height=\"400\" srcset=\"https:\/\/schapter.ufpr.br\/portal\/wp-content\/uploads\/2021\/10\/1-1.png 10800w, https:\/\/schapter.ufpr.br\/portal\/wp-content\/uploads\/2021\/10\/1-1-300x300.png 300w, https:\/\/schapter.ufpr.br\/portal\/wp-content\/uploads\/2021\/10\/1-1-768x768.png 768w, https:\/\/schapter.ufpr.br\/portal\/wp-content\/uploads\/2021\/10\/1-1-98x98.png 98w, https:\/\/schapter.ufpr.br\/portal\/wp-content\/uploads\/2021\/10\/1-1-57x57.png 57w\" sizes=\"(max-width: 400px) 100vw, 400px\" \/><figcaption>Ilustra\u00e7\u00e3o: Rebeca Pereira Gon\u00e7alves.<\/figcaption><\/figure><\/div>\n\n\n\n<p>O UFPR OPTICA Student Chapter parabeniza todas as professoras e professores pelo seu dia! Obrigado pelos ensinamentos e principalmente as inspira\u00e7\u00f5es.<\/p>\n","protected":false},"excerpt":{"rendered":"<p>Neste Dia Mundial do Professor (05\/10), estamos celebrando a for\u00e7a e a resili\u00eancia da comunidade global de educadores. Em um ano que ensinou tanto a [&hellip;]<\/p>\n","protected":false},"author":3,"featured_media":0,"comment_status":"open","ping_status":"open","sticky":false,"template":"","format":"standard","meta":[],"categories":[66],"tags":[60],"_links":{"self":[{"href":"https:\/\/schapter.ufpr.br\/portal\/wp-json\/wp\/v2\/posts\/1542"}],"collection":[{"href":"https:\/\/schapter.ufpr.br\/portal\/wp-json\/wp\/v2\/posts"}],"about":[{"href":"https:\/\/schapter.ufpr.br\/portal\/wp-json\/wp\/v2\/types\/post"}],"author":[{"embeddable":true,"href":"https:\/\/schapter.ufpr.br\/portal\/wp-json\/wp\/v2\/users\/3"}],"replies":[{"embeddable":true,"href":"https:\/\/schapter.ufpr.br\/portal\/wp-json\/wp\/v2\/comments?post=1542"}],"version-history":[{"count":2,"href":"https:\/\/schapter.ufpr.br\/portal\/wp-json\/wp\/v2\/posts\/1542\/revisions"}],"predecessor-version":[{"id":1546,"href":"https:\/\/schapter.ufpr.br\/portal\/wp-json\/wp\/v2\/posts\/1542\/revisions\/1546"}],"wp:attachment":[{"href":"https:\/\/schapter.ufpr.br\/portal\/wp-json\/wp\/v2\/media?parent=1542"}],"wp:term":[{"taxonomy":"category","embeddable":true,"href":"https:\/\/schapter.ufpr.br\/portal\/wp-json\/wp\/v2\/categories?post=1542"},{"taxonomy":"post_tag","embeddable":true,"href":"https:\/\/schapter.ufpr.br\/portal\/wp-json\/wp\/v2\/tags?post=1542"}],"curies":[{"name":"wp","href":"https:\/\/api.w.org\/{rel}","templated":true}]}}