{"id":1272,"date":"2021-08-27T16:20:12","date_gmt":"2021-08-27T19:20:12","guid":{"rendered":"https:\/\/schapter.ufpr.br\/portal\/?p=1272"},"modified":"2021-12-18T12:03:27","modified_gmt":"2021-12-18T15:03:27","slug":"optica-geek-o-desiluminador-e-a-luz","status":"publish","type":"post","link":"https:\/\/schapter.ufpr.br\/portal\/2021\/08\/27\/optica-geek-o-desiluminador-e-a-luz\/","title":{"rendered":"\u00d3ptica Geek: O Desiluminador e a Luz"},"content":{"rendered":"\n<p><strong>Voc\u00ea j\u00e1 imaginou como Dumbleodore criou o Desiluminador?<\/strong> \ud83e\udd14<br><br>Ser\u00e1 que ele precisou verificar alguns artigos cient\u00edficos de F\u00edsica? Afinal, o <strong>Desiluminador<\/strong> \u00e9 um aparelho que <strong>manipula a luz!<\/strong> \ud83d\udca1<br><br>Que tal conhecermos algumas<strong> caracter\u00edsticas e propriedades dela<\/strong>, assim podemos analisar de forma mais ampla misturando, <strong>o mundo m\u00e1gico e a ci\u00eancia,<\/strong> como o Desiluminador funciona! \u2728<strong>Clique na imagem abaixo para descobrir!<\/strong><br><\/p>\n\n\n\n<div class=\"wp-block-image\"><figure class=\"aligncenter size-large is-resized\"><a href=\"https:\/\/www.instagram.com\/p\/CTC7pA7Lqyw\/?utm_source=ig_web_copy_link\"><img loading=\"lazy\" src=\"https:\/\/schapter.ufpr.br\/portal\/wp-content\/uploads\/2021\/08\/capa-desiluminador-e-a-luz-1024x1024.png\" alt=\"\" class=\"wp-image-1273\" width=\"297\" height=\"297\" srcset=\"https:\/\/schapter.ufpr.br\/portal\/wp-content\/uploads\/2021\/08\/capa-desiluminador-e-a-luz-1024x1024.png 1024w, https:\/\/schapter.ufpr.br\/portal\/wp-content\/uploads\/2021\/08\/capa-desiluminador-e-a-luz-300x300.png 300w, https:\/\/schapter.ufpr.br\/portal\/wp-content\/uploads\/2021\/08\/capa-desiluminador-e-a-luz-150x150.png 150w, https:\/\/schapter.ufpr.br\/portal\/wp-content\/uploads\/2021\/08\/capa-desiluminador-e-a-luz-768x768.png 768w, https:\/\/schapter.ufpr.br\/portal\/wp-content\/uploads\/2021\/08\/capa-desiluminador-e-a-luz-98x98.png 98w, https:\/\/schapter.ufpr.br\/portal\/wp-content\/uploads\/2021\/08\/capa-desiluminador-e-a-luz-57x57.png 57w, https:\/\/schapter.ufpr.br\/portal\/wp-content\/uploads\/2021\/08\/capa-desiluminador-e-a-luz.png 1080w\" sizes=\"(max-width: 297px) 100vw, 297px\" \/><\/a><figcaption>Ilustra\u00e7\u00e3o: Maria Jackeline R. dos Santos. Texto: Rebeca Gon\u00e7alves.<\/figcaption><\/figure><\/div>\n\n\n\n<p>Uma curiosidade interessante \u00e9 que antes de ser passado para Rony Wealey, Olho Tonto Moody j\u00e1 tinha utilizado quando estava levando Harry para a sede da Ordem da F\u00eanix (Livro: Harry Potter e a Ordem da F\u00eanix). Muitas pessoas perceberam s\u00f3 depois que era o Desiluminador j\u00e1 que a descri\u00e7\u00e3o do objeto foi extremamente simplificada.<\/p>\n\n\n\n<figure class=\"wp-block-video aligncenter\"><video controls src=\"https:\/\/schapter.ufpr.br\/portal\/wp-content\/uploads\/2021\/08\/20210824_180141128_ios3.mp4\"><\/video><figcaption>Ilustra\u00e7\u00e3o: Maria Jackeline R. dos Santos. Texto: Rebeca Gon\u00e7alves.<\/figcaption><\/figure>\n","protected":false},"excerpt":{"rendered":"<p>Voc\u00ea j\u00e1 imaginou como Dumbleodore criou o Desiluminador? \ud83e\udd14 Ser\u00e1 que ele precisou verificar alguns artigos cient\u00edficos de F\u00edsica? Afinal, o Desiluminador \u00e9 um aparelho [&hellip;]<\/p>\n","protected":false},"author":3,"featured_media":0,"comment_status":"open","ping_status":"open","sticky":false,"template":"","format":"standard","meta":[],"categories":[17],"tags":[48],"_links":{"self":[{"href":"https:\/\/schapter.ufpr.br\/portal\/wp-json\/wp\/v2\/posts\/1272"}],"collection":[{"href":"https:\/\/schapter.ufpr.br\/portal\/wp-json\/wp\/v2\/posts"}],"about":[{"href":"https:\/\/schapter.ufpr.br\/portal\/wp-json\/wp\/v2\/types\/post"}],"author":[{"embeddable":true,"href":"https:\/\/schapter.ufpr.br\/portal\/wp-json\/wp\/v2\/users\/3"}],"replies":[{"embeddable":true,"href":"https:\/\/schapter.ufpr.br\/portal\/wp-json\/wp\/v2\/comments?post=1272"}],"version-history":[{"count":5,"href":"https:\/\/schapter.ufpr.br\/portal\/wp-json\/wp\/v2\/posts\/1272\/revisions"}],"predecessor-version":[{"id":1287,"href":"https:\/\/schapter.ufpr.br\/portal\/wp-json\/wp\/v2\/posts\/1272\/revisions\/1287"}],"wp:attachment":[{"href":"https:\/\/schapter.ufpr.br\/portal\/wp-json\/wp\/v2\/media?parent=1272"}],"wp:term":[{"taxonomy":"category","embeddable":true,"href":"https:\/\/schapter.ufpr.br\/portal\/wp-json\/wp\/v2\/categories?post=1272"},{"taxonomy":"post_tag","embeddable":true,"href":"https:\/\/schapter.ufpr.br\/portal\/wp-json\/wp\/v2\/tags?post=1272"}],"curies":[{"name":"wp","href":"https:\/\/api.w.org\/{rel}","templated":true}]}}