{"id":1246,"date":"2021-08-24T10:15:27","date_gmt":"2021-08-24T13:15:27","guid":{"rendered":"https:\/\/schapter.ufpr.br\/portal\/?p=1246"},"modified":"2021-11-15T13:59:58","modified_gmt":"2021-11-15T16:59:58","slug":"laureados-da-optica-gabriel-lippman-e-as-fotografias","status":"publish","type":"post","link":"https:\/\/schapter.ufpr.br\/portal\/2021\/08\/24\/laureados-da-optica-gabriel-lippman-e-as-fotografias\/","title":{"rendered":"Laureados da \u00d3ptica: Gabriel Lippman e as fotografias \ud83d\udcf7."},"content":{"rendered":"\n<p>Para comemorar o <strong>Dia Mundial da Fotografia (19\/08)<\/strong>, estamos trazendo um laureado que <strong>estudou <\/strong>um m\u00e9todo de capturar <strong>imagens coloridas<\/strong> por meio do fen\u00f4meno de <strong>interfer\u00eancia<\/strong>!<\/p>\n\n\n\n<div class=\"wp-block-image\"><figure class=\"aligncenter size-large is-resized\"><a href=\"https:\/\/www.instagram.com\/p\/CSxXL3BrZzQ\/\"><img loading=\"lazy\" src=\"https:\/\/schapter.ufpr.br\/portal\/wp-content\/uploads\/2021\/08\/lippmann1-1024x1024.jpg\" alt=\"\" class=\"wp-image-1249\" width=\"400\" height=\"400\" srcset=\"https:\/\/schapter.ufpr.br\/portal\/wp-content\/uploads\/2021\/08\/lippmann1-1024x1024.jpg 1024w, https:\/\/schapter.ufpr.br\/portal\/wp-content\/uploads\/2021\/08\/lippmann1-300x300.jpg 300w, https:\/\/schapter.ufpr.br\/portal\/wp-content\/uploads\/2021\/08\/lippmann1-150x150.jpg 150w, https:\/\/schapter.ufpr.br\/portal\/wp-content\/uploads\/2021\/08\/lippmann1-768x768.jpg 768w, https:\/\/schapter.ufpr.br\/portal\/wp-content\/uploads\/2021\/08\/lippmann1-98x98.jpg 98w, https:\/\/schapter.ufpr.br\/portal\/wp-content\/uploads\/2021\/08\/lippmann1-57x57.jpg 57w, https:\/\/schapter.ufpr.br\/portal\/wp-content\/uploads\/2021\/08\/lippmann1.jpg 1080w\" sizes=\"(max-width: 400px) 100vw, 400px\" \/><\/a><figcaption>Ilustra\u00e7\u00e3o: Maria Jackeline Rodrigues dos Santos. Produ\u00e7\u00e3o: Camille Vit\u00f3ria Unger.<\/figcaption><\/figure><\/div>\n\n\n\n<p><strong>Gabriel Lippmann<\/strong>, f\u00edsico e inventor, que em <strong>1908 <\/strong>recebeu o <strong>Nobel <\/strong>de <strong>F\u00edsica<\/strong>, pelo seu m\u00e9todo de reprodu\u00e7\u00e3o fotogr\u00e1fica de cores com base em fen\u00f4menos de interfer\u00eancia \ud83d\udcf7\ud83c\udf08.<\/p>\n\n\n\n<p>O m\u00e9todo de Lippmann trata-se da utiliza\u00e7\u00e3o de um espelho atr\u00e1s de uma placa que consistia em um filme formado por v\u00e1rias camadas de gr\u00e3os ultrafinos fotossens\u00edveis, mergulhado em um recipiente contendo merc\u00fario. Desta forma, era criado no filme, v\u00e1rios padr\u00f5es de interfer\u00eancia, para cada cor do espectro vis\u00edvel, os quais podiam ser diferenciados uns dos outros, devido ao comprimento das ondas eletromagn\u00e9ticas, o espa\u00e7amento entre m\u00ednimos destrutivos era diferentes para cada cor do espectro vis\u00edvel no filme.<\/p>\n\n\n\n<div class=\"wp-block-image\"><figure class=\"aligncenter size-large is-resized\"><a href=\"https:\/\/www.instagram.com\/p\/CSxXL3BrZzQ\/\"><img loading=\"lazy\" src=\"https:\/\/schapter.ufpr.br\/portal\/wp-content\/uploads\/2021\/08\/lippmann5-1-1024x1024.jpg\" alt=\"\" class=\"wp-image-1251\" width=\"400\" height=\"400\" srcset=\"https:\/\/schapter.ufpr.br\/portal\/wp-content\/uploads\/2021\/08\/lippmann5-1-1024x1024.jpg 1024w, https:\/\/schapter.ufpr.br\/portal\/wp-content\/uploads\/2021\/08\/lippmann5-1-300x300.jpg 300w, https:\/\/schapter.ufpr.br\/portal\/wp-content\/uploads\/2021\/08\/lippmann5-1-150x150.jpg 150w, https:\/\/schapter.ufpr.br\/portal\/wp-content\/uploads\/2021\/08\/lippmann5-1-768x768.jpg 768w, https:\/\/schapter.ufpr.br\/portal\/wp-content\/uploads\/2021\/08\/lippmann5-1-98x98.jpg 98w, https:\/\/schapter.ufpr.br\/portal\/wp-content\/uploads\/2021\/08\/lippmann5-1-57x57.jpg 57w, https:\/\/schapter.ufpr.br\/portal\/wp-content\/uploads\/2021\/08\/lippmann5-1.jpg 1080w\" sizes=\"(max-width: 400px) 100vw, 400px\" \/><\/a><figcaption><a href=\"https:\/\/www.instagram.com\/p\/CSxXL3BrZzQ\/\"><\/a>Ilustra\u00e7\u00e3o: Maria Jackeline Rodrigues dos Santos. Produ\u00e7\u00e3o: Camille Vit\u00f3ria Unger.<\/figcaption><\/figure><\/div>\n\n\n\n<p>Refer\u00eancias:<\/p>\n\n\n\n<p>Gabriel Lippmann \u2013 Biographical. NobelPrize.org. Nobel Prize Outreach AB 2021. Dispon\u00edvel em: <a href=\"http:\/\/<https:\/\/www.nobelprize.org\/prizes\/physics\/1908\/lippmann\/biographical\/>&#8220;>https:\/\/www.nobelprize.org\/prizes\/physics\/1908\/lippmann\/biographical\/<\/a>;<\/p>\n\n\n\n<p>Pr\u00eamio Nobel em F\u00edsica &#8211; 1908. Unicentro. Dispon\u00edvel em: <a href=\"https:\/\/www3.unicentro.br\/petfisica\/2018\/05\/20\/premio-nobel-em-fisica-1908\/\">https:\/\/www3.unicentro.br\/petfisica\/2018\/05\/20\/premio-nobel-em-fisica-1908\/<\/a>;<\/p>\n\n\n\n<p>Gabriel Lippmann &#8211; French physics. Britannica. Dispon\u00edvel em: <a href=\"https:\/\/www.britannica.com\/biography\/Gabriel-Lippmann\">https:\/\/www.britannica.com\/biography\/Gabriel-Lippmann<\/a>.<\/p>\n","protected":false},"excerpt":{"rendered":"<p>Para comemorar o Dia Mundial da Fotografia (19\/08), estamos trazendo um laureado que estudou um m\u00e9todo de capturar imagens coloridas por meio do fen\u00f4meno de [&hellip;]<\/p>\n","protected":false},"author":3,"featured_media":0,"comment_status":"open","ping_status":"open","sticky":false,"template":"","format":"standard","meta":[],"categories":[13,12],"tags":[38,54,28],"_links":{"self":[{"href":"https:\/\/schapter.ufpr.br\/portal\/wp-json\/wp\/v2\/posts\/1246"}],"collection":[{"href":"https:\/\/schapter.ufpr.br\/portal\/wp-json\/wp\/v2\/posts"}],"about":[{"href":"https:\/\/schapter.ufpr.br\/portal\/wp-json\/wp\/v2\/types\/post"}],"author":[{"embeddable":true,"href":"https:\/\/schapter.ufpr.br\/portal\/wp-json\/wp\/v2\/users\/3"}],"replies":[{"embeddable":true,"href":"https:\/\/schapter.ufpr.br\/portal\/wp-json\/wp\/v2\/comments?post=1246"}],"version-history":[{"count":2,"href":"https:\/\/schapter.ufpr.br\/portal\/wp-json\/wp\/v2\/posts\/1246\/revisions"}],"predecessor-version":[{"id":1258,"href":"https:\/\/schapter.ufpr.br\/portal\/wp-json\/wp\/v2\/posts\/1246\/revisions\/1258"}],"wp:attachment":[{"href":"https:\/\/schapter.ufpr.br\/portal\/wp-json\/wp\/v2\/media?parent=1246"}],"wp:term":[{"taxonomy":"category","embeddable":true,"href":"https:\/\/schapter.ufpr.br\/portal\/wp-json\/wp\/v2\/categories?post=1246"},{"taxonomy":"post_tag","embeddable":true,"href":"https:\/\/schapter.ufpr.br\/portal\/wp-json\/wp\/v2\/tags?post=1246"}],"curies":[{"name":"wp","href":"https:\/\/api.w.org\/{rel}","templated":true}]}}