{"id":1139,"date":"2021-08-15T23:16:25","date_gmt":"2021-08-16T02:16:25","guid":{"rendered":"https:\/\/schapter.ufpr.br\/portal\/?p=1139"},"modified":"2022-11-05T09:44:10","modified_gmt":"2022-11-05T12:44:10","slug":"um-neuronio-fotonico","status":"publish","type":"post","link":"https:\/\/schapter.ufpr.br\/portal\/2021\/08\/15\/um-neuronio-fotonico\/","title":{"rendered":"Um Neur\u00f4nio Fot\u00f4nico"},"content":{"rendered":"\n<p>A <strong>fot\u00f4nica<\/strong> integrada desempenhar\u00e1 um papel fundamental na computa\u00e7\u00e3o do futuro. Atualmente, pesquisadores est\u00e3o trabalhando em computadores &#8220;<strong>neurom\u00f3rficos<\/strong>&#8221; (sistemas de computa\u00e7\u00e3o que imitam arquiteturas neurobiol\u00f3gicas), nos quais o pr\u00f3prio hardware \u00e9 inspirado pelas redes do <strong>c\u00e9rebro humano<\/strong>. Para saber o que entra em um &#8220;<strong>neur\u00f4nio fot\u00f4nico<\/strong>&#8220;, a OPN conversou com <strong>Bhavin Shastri<\/strong> da Queen&#8217;s University, Ont\u00e1rio, Canad\u00e1.<\/p>\n\n\n\n<div class=\"wp-block-image\"><figure class=\"aligncenter size-large is-resized\"><img loading=\"lazy\" src=\"https:\/\/schapter.ufpr.br\/portal\/wp-content\/uploads\/2021\/08\/whatsapp-image-2021-07-28-at-6-32-26-pm-1024x1024.jpeg\" alt=\"\" class=\"wp-image-1141\" width=\"400\" height=\"400\" srcset=\"https:\/\/schapter.ufpr.br\/portal\/wp-content\/uploads\/2021\/08\/whatsapp-image-2021-07-28-at-6-32-26-pm-1024x1024.jpeg 1024w, https:\/\/schapter.ufpr.br\/portal\/wp-content\/uploads\/2021\/08\/whatsapp-image-2021-07-28-at-6-32-26-pm-300x300.jpeg 300w, https:\/\/schapter.ufpr.br\/portal\/wp-content\/uploads\/2021\/08\/whatsapp-image-2021-07-28-at-6-32-26-pm-150x150.jpeg 150w, https:\/\/schapter.ufpr.br\/portal\/wp-content\/uploads\/2021\/08\/whatsapp-image-2021-07-28-at-6-32-26-pm-768x768.jpeg 768w, https:\/\/schapter.ufpr.br\/portal\/wp-content\/uploads\/2021\/08\/whatsapp-image-2021-07-28-at-6-32-26-pm-98x98.jpeg 98w, https:\/\/schapter.ufpr.br\/portal\/wp-content\/uploads\/2021\/08\/whatsapp-image-2021-07-28-at-6-32-26-pm-57x57.jpeg 57w, https:\/\/schapter.ufpr.br\/portal\/wp-content\/uploads\/2021\/08\/whatsapp-image-2021-07-28-at-6-32-26-pm.jpeg 1080w\" sizes=\"(max-width: 400px) 100vw, 400px\" \/><figcaption>Texto: Aron Luiz Oliveira dos Santos. Ilustra\u00e7\u00e3o: Marcelo Jean Machado.<\/figcaption><\/figure><\/div>\n\n\n\n<p>Um neur\u00f4nio biol\u00f3gico recebe sinais <strong>el\u00e9tricos<\/strong> de outros neur\u00f4nios, integra-os <strong>bioquimicamente<\/strong> e, dependendo da intensidade integral do sinal, dispara seu pr\u00f3prio pulso para outros neur\u00f4nios. Agora na <strong>fot\u00f4nica<\/strong> o processo \u00e9 bem diferente, pois s\u00e3o utilizadas estruturas com propriedades <strong>\u00f3pticas<\/strong> espec\u00edficas para tal prop\u00f3sito.  <\/p>\n\n\n\n<p>O texto aborda o uso de <strong>Redes Neurais Artificiais<\/strong> composta por v\u00e1rios neur\u00f4nios acoplados por guias de <strong>ondas \u00f3pticas<\/strong>, conforme a postagem indicada abaixo.<\/p>\n\n\n\n<div class=\"wp-block-image\"><figure class=\"aligncenter size-large is-resized\"><a href=\"https:\/\/www.instagram.com\/p\/CSkgifGrqAQ\/?utm_medium=copy_link\"><img loading=\"lazy\" src=\"https:\/\/schapter.ufpr.br\/portal\/wp-content\/uploads\/2021\/08\/whatsapp-image-2021-07-28-at-6-32-27-pm-1024x1024.jpeg\" alt=\"\" class=\"wp-image-1142\" width=\"400\" height=\"400\" srcset=\"https:\/\/schapter.ufpr.br\/portal\/wp-content\/uploads\/2021\/08\/whatsapp-image-2021-07-28-at-6-32-27-pm-1024x1024.jpeg 1024w, https:\/\/schapter.ufpr.br\/portal\/wp-content\/uploads\/2021\/08\/whatsapp-image-2021-07-28-at-6-32-27-pm-300x300.jpeg 300w, https:\/\/schapter.ufpr.br\/portal\/wp-content\/uploads\/2021\/08\/whatsapp-image-2021-07-28-at-6-32-27-pm-150x150.jpeg 150w, https:\/\/schapter.ufpr.br\/portal\/wp-content\/uploads\/2021\/08\/whatsapp-image-2021-07-28-at-6-32-27-pm-768x768.jpeg 768w, https:\/\/schapter.ufpr.br\/portal\/wp-content\/uploads\/2021\/08\/whatsapp-image-2021-07-28-at-6-32-27-pm-98x98.jpeg 98w, https:\/\/schapter.ufpr.br\/portal\/wp-content\/uploads\/2021\/08\/whatsapp-image-2021-07-28-at-6-32-27-pm-57x57.jpeg 57w, https:\/\/schapter.ufpr.br\/portal\/wp-content\/uploads\/2021\/08\/whatsapp-image-2021-07-28-at-6-32-27-pm.jpeg 1080w\" sizes=\"(max-width: 400px) 100vw, 400px\" \/><\/a><figcaption>Texto: Aron Luiz Oliveira dos Santos. Ilustra\u00e7\u00e3o: Marcelo Jean Machado.<\/figcaption><\/figure><\/div>\n\n\n\n<p>Evidentemente trata-se de um grande desafio no qual <strong>Shastri <\/strong>e muitos outros da comunidade est\u00e3o trabalhando para solucionar! <\/p>\n\n\n\n<p><strong>Refer\u00eancias<\/strong><\/p>\n\n\n\n<ol><li>B.J. Shastri et al. <a href=\"https:\/\/doi.org\/10.1038\/s41566-020-00754-y\">\u201cPhotonics for artificial intelligence and neuromorphic computing,\u201d<\/a> Nat. Photon. <strong>15<\/strong>, 102 (2021).<\/li><\/ol>\n\n\n\n<p> 2. Q. Zhang et al. <a href=\"https:\/\/doi.org\/10.1038\/s41377-019-0151-0\">\u201cArtificial neural networks enabled by nanophotonics\u201d<\/a> Light Sci. Appl. <strong>8<\/strong>, 42 (2019).<\/p>\n\n\n\n<p> 3. T. Ferreira de Lima et al. <a href=\"https:\/\/www.osapublishing.org\/jlt\/abstract.cfm?uri=jlt-37-5-1515\">\u201cMachine learning with neuromorphic photonics,\u201d<\/a> J. Lightwave Technol. <strong>37<\/strong>, 1515 (2019).<\/p>\n\n\n\n<p> 4. <a href=\"https:\/\/www.osa-opn.org\/home\/articles\/volume_32\/june_2021\/departments\/a_photonic_neuron\/\">https:\/\/www.optica-opn.org\/home\/articles\/volume_32\/june_2021\/departments\/a_photonic_neuron\/<\/a><\/p>\n\n\n\n<p><strong>Edi\u00e7\u00e3o, tradu\u00e7\u00e3o e adapta\u00e7\u00e3o: <\/strong>Ms. Aron L. O. dos Santos (Doutorando em F\u00edsica \u2013 UFPR). <\/p>\n\n\n\n<p><\/p>\n","protected":false},"excerpt":{"rendered":"<p>A fot\u00f4nica integrada desempenhar\u00e1 um papel fundamental na computa\u00e7\u00e3o do futuro. Atualmente, pesquisadores est\u00e3o trabalhando em computadores &#8220;neurom\u00f3rficos&#8221; (sistemas de computa\u00e7\u00e3o que imitam arquiteturas neurobiol\u00f3gicas), [&hellip;]<\/p>\n","protected":false},"author":21,"featured_media":0,"comment_status":"open","ping_status":"open","sticky":false,"template":"","format":"standard","meta":[],"categories":[18],"tags":[39,63,64,65],"_links":{"self":[{"href":"https:\/\/schapter.ufpr.br\/portal\/wp-json\/wp\/v2\/posts\/1139"}],"collection":[{"href":"https:\/\/schapter.ufpr.br\/portal\/wp-json\/wp\/v2\/posts"}],"about":[{"href":"https:\/\/schapter.ufpr.br\/portal\/wp-json\/wp\/v2\/types\/post"}],"author":[{"embeddable":true,"href":"https:\/\/schapter.ufpr.br\/portal\/wp-json\/wp\/v2\/users\/21"}],"replies":[{"embeddable":true,"href":"https:\/\/schapter.ufpr.br\/portal\/wp-json\/wp\/v2\/comments?post=1139"}],"version-history":[{"count":16,"href":"https:\/\/schapter.ufpr.br\/portal\/wp-json\/wp\/v2\/posts\/1139\/revisions"}],"predecessor-version":[{"id":2304,"href":"https:\/\/schapter.ufpr.br\/portal\/wp-json\/wp\/v2\/posts\/1139\/revisions\/2304"}],"wp:attachment":[{"href":"https:\/\/schapter.ufpr.br\/portal\/wp-json\/wp\/v2\/media?parent=1139"}],"wp:term":[{"taxonomy":"category","embeddable":true,"href":"https:\/\/schapter.ufpr.br\/portal\/wp-json\/wp\/v2\/categories?post=1139"},{"taxonomy":"post_tag","embeddable":true,"href":"https:\/\/schapter.ufpr.br\/portal\/wp-json\/wp\/v2\/tags?post=1139"}],"curies":[{"name":"wp","href":"https:\/\/api.w.org\/{rel}","templated":true}]}}