{"id":1099,"date":"2021-07-26T17:07:47","date_gmt":"2021-07-26T20:07:47","guid":{"rendered":"https:\/\/schapter.ufpr.br\/portal\/?p=1099"},"modified":"2021-11-15T16:17:53","modified_gmt":"2021-11-15T19:17:53","slug":"heron-e-os-porques-do-caminho-da-luz","status":"publish","type":"post","link":"https:\/\/schapter.ufpr.br\/portal\/2021\/07\/26\/heron-e-os-porques-do-caminho-da-luz\/","title":{"rendered":"Heron e os Porqu\u00eas do Caminho da Luz \ud83d\udd75\ufe0f"},"content":{"rendered":"\n<p>A ci\u00eancia e tudo o que ela abrange n\u00e3o poderia ser desenvolvida de uma hora para outra, ou mesmo por uma pessoa ou outra.<\/p>\n\n\n\n<p>Esta tirinha de Heron (<em>10 &#8211; 70 d.C.<\/em>) nos permite retratar muito bem este conceito, uma vez que se interessou no mesmo campo de estudo de <strong><a href=\"https:\/\/schapter.ufpr.br\/portal\/2021\/05\/31\/euclides-e-os-raios-de-luz\/\">Euclides <em>(~ 300 a.C.)<\/em> &#8211; Tira IV<\/a><\/strong> &#8211; caso queira dar uma olhada &#8211; onde usou os mesmos conceitos que ele tinha desenvolvido, por\u00e9m n\u00e3o para explicar como a luz se comporta, mas o <strong>porqu\u00ea <\/strong>dela se comportar de tal forma.<\/p>\n\n\n\n<div class=\"wp-block-image\"><figure class=\"aligncenter size-large is-resized\"><a href=\"https:\/\/www.instagram.com\/p\/CRy2yudhUAt\/\"><img loading=\"lazy\" src=\"https:\/\/schapter.ufpr.br\/portal\/wp-content\/uploads\/2021\/11\/tira8-1024x341.png\" alt=\"\" class=\"wp-image-1799\" width=\"1024\" height=\"341\" srcset=\"https:\/\/schapter.ufpr.br\/portal\/wp-content\/uploads\/2021\/11\/tira8-1024x341.png 1024w, https:\/\/schapter.ufpr.br\/portal\/wp-content\/uploads\/2021\/11\/tira8-300x100.png 300w, https:\/\/schapter.ufpr.br\/portal\/wp-content\/uploads\/2021\/11\/tira8-768x256.png 768w, https:\/\/schapter.ufpr.br\/portal\/wp-content\/uploads\/2021\/11\/tira8-1536x512.png 1536w, https:\/\/schapter.ufpr.br\/portal\/wp-content\/uploads\/2021\/11\/tira8-2048x683.png 2048w, https:\/\/schapter.ufpr.br\/portal\/wp-content\/uploads\/2021\/11\/tira8-175x58.png 175w, https:\/\/schapter.ufpr.br\/portal\/wp-content\/uploads\/2021\/11\/tira8-75x25.png 75w\" sizes=\"(max-width: 1024px) 100vw, 1024px\" \/><\/a><figcaption>Texto: Mois\u00e9s Willian de Almeida. Ilustra\u00e7\u00e3o: Marcelo Prado Cionek.<\/figcaption><\/figure><\/div>\n\n\n\n<p>Assim, damos enfase nesse fator de que a ci\u00eancia \u00e9 composta por diversas id\u00e9ias que se complementam com o passar do tempo ap\u00f3s serem testadas, questionadas, estando certas ou erradas, pois o que vale \u00e9 o questionamento (<strong>e como se questiona, mas isso \u00e9 assunto para outra tira!<\/strong>).<\/p>\n","protected":false},"excerpt":{"rendered":"<p>A ci\u00eancia e tudo o que ela abrange n\u00e3o poderia ser desenvolvida de uma hora para outra, ou mesmo por uma pessoa ou outra. Esta [&hellip;]<\/p>\n","protected":false},"author":21,"featured_media":0,"comment_status":"open","ping_status":"open","sticky":false,"template":"","format":"standard","meta":[],"categories":[16],"tags":[10],"_links":{"self":[{"href":"https:\/\/schapter.ufpr.br\/portal\/wp-json\/wp\/v2\/posts\/1099"}],"collection":[{"href":"https:\/\/schapter.ufpr.br\/portal\/wp-json\/wp\/v2\/posts"}],"about":[{"href":"https:\/\/schapter.ufpr.br\/portal\/wp-json\/wp\/v2\/types\/post"}],"author":[{"embeddable":true,"href":"https:\/\/schapter.ufpr.br\/portal\/wp-json\/wp\/v2\/users\/21"}],"replies":[{"embeddable":true,"href":"https:\/\/schapter.ufpr.br\/portal\/wp-json\/wp\/v2\/comments?post=1099"}],"version-history":[{"count":23,"href":"https:\/\/schapter.ufpr.br\/portal\/wp-json\/wp\/v2\/posts\/1099\/revisions"}],"predecessor-version":[{"id":1809,"href":"https:\/\/schapter.ufpr.br\/portal\/wp-json\/wp\/v2\/posts\/1099\/revisions\/1809"}],"wp:attachment":[{"href":"https:\/\/schapter.ufpr.br\/portal\/wp-json\/wp\/v2\/media?parent=1099"}],"wp:term":[{"taxonomy":"category","embeddable":true,"href":"https:\/\/schapter.ufpr.br\/portal\/wp-json\/wp\/v2\/categories?post=1099"},{"taxonomy":"post_tag","embeddable":true,"href":"https:\/\/schapter.ufpr.br\/portal\/wp-json\/wp\/v2\/tags?post=1099"}],"curies":[{"name":"wp","href":"https:\/\/api.w.org\/{rel}","templated":true}]}}