{"id":1000,"date":"2021-07-12T12:41:35","date_gmt":"2021-07-12T15:41:35","guid":{"rendered":"https:\/\/schapter.ufpr.br\/portal\/?p=1000"},"modified":"2021-07-12T13:53:48","modified_gmt":"2021-07-12T16:53:48","slug":"optica-geek-o-sabre-de-luz","status":"publish","type":"post","link":"https:\/\/schapter.ufpr.br\/portal\/2021\/07\/12\/optica-geek-o-sabre-de-luz\/","title":{"rendered":"\u00d3ptica Geek: O Sabre de Luz."},"content":{"rendered":"\n<p>O <strong>\u00d3ptica Geek <\/strong>est\u00e1 no ar e dessa vez iremos explicar as partes que comp\u00f5em o <strong>sabre de luz<\/strong>.\u2728<\/p>\n\n\n\n<figure class=\"wp-block-video aligncenter\"><video controls src=\"https:\/\/schapter.ufpr.br\/portal\/wp-content\/uploads\/2021\/07\/16.mov\"><\/video><figcaption>Texto: Rebeca Gon\u00e7alves Pereira. Ilustra\u00e7\u00e3o: Maria Jackeline R. dos Santos. Design: Marcelo Jean Machado e Camille Vit\u00f3ria Unger.<\/figcaption><\/figure>\n\n\n\n<p>O <strong>sabre de luz<\/strong> \u00e9 o principal equipamento de combate dos personagens da saga <strong>Star Wars.<\/strong> Podemos descrev\u00ea-lo visualmente como um feixe de luz que sai por um cabo, muito simples, n\u00e3o \u00e9 mesmo\u2753\u2757\ud83d\ude09<\/p>\n\n\n\n<p>Para n\u00f3s, simples demais!!!\ud83d\ude05<\/p>\n\n\n\n<p>Que tal, descobrir como realmente o <strong>sabre de luz funciona<\/strong>, quais s\u00e3o os elementos e acess\u00f3rios que fazem ele manipular a luz ao ponto de transforma-la em <strong>uma arma cortante<\/strong>?! Descubra e se impressione <strong>clicando no <a href=\"https:\/\/www.instagram.com\/p\/CRNEfSwB9CI\/\">link a baixo<\/a><\/strong> \ud83d\udc47<\/p>\n\n\n\n<figure class=\"wp-block-video aligncenter\"><video controls src=\"https:\/\/schapter.ufpr.br\/portal\/wp-content\/uploads\/2021\/07\/video21.mp4\"><\/video><figcaption>Texto: Rebeca Gon\u00e7alves Pereira Design: Marcelo Jean Machado e Camille Vit\u00f3ria Unger. Acesse: <a href=\"https:\/\/www.instagram.com\/p\/CRNEfSwB9CI\/\">https:\/\/www.instagram.com\/p\/CRNEfSwB9CI\/<\/a><\/figcaption><\/figure>\n\n\n\n<p><\/p>\n\n\n\n<figure class=\"wp-block-video\"><\/figure>\n","protected":false},"excerpt":{"rendered":"<p>O \u00d3ptica Geek est\u00e1 no ar e dessa vez iremos explicar as partes que comp\u00f5em o sabre de luz.\u2728 O sabre de luz \u00e9 o [&hellip;]<\/p>\n","protected":false},"author":3,"featured_media":0,"comment_status":"open","ping_status":"open","sticky":false,"template":"","format":"standard","meta":[],"categories":[17],"tags":[48],"_links":{"self":[{"href":"https:\/\/schapter.ufpr.br\/portal\/wp-json\/wp\/v2\/posts\/1000"}],"collection":[{"href":"https:\/\/schapter.ufpr.br\/portal\/wp-json\/wp\/v2\/posts"}],"about":[{"href":"https:\/\/schapter.ufpr.br\/portal\/wp-json\/wp\/v2\/types\/post"}],"author":[{"embeddable":true,"href":"https:\/\/schapter.ufpr.br\/portal\/wp-json\/wp\/v2\/users\/3"}],"replies":[{"embeddable":true,"href":"https:\/\/schapter.ufpr.br\/portal\/wp-json\/wp\/v2\/comments?post=1000"}],"version-history":[{"count":9,"href":"https:\/\/schapter.ufpr.br\/portal\/wp-json\/wp\/v2\/posts\/1000\/revisions"}],"predecessor-version":[{"id":1028,"href":"https:\/\/schapter.ufpr.br\/portal\/wp-json\/wp\/v2\/posts\/1000\/revisions\/1028"}],"wp:attachment":[{"href":"https:\/\/schapter.ufpr.br\/portal\/wp-json\/wp\/v2\/media?parent=1000"}],"wp:term":[{"taxonomy":"category","embeddable":true,"href":"https:\/\/schapter.ufpr.br\/portal\/wp-json\/wp\/v2\/categories?post=1000"},{"taxonomy":"post_tag","embeddable":true,"href":"https:\/\/schapter.ufpr.br\/portal\/wp-json\/wp\/v2\/tags?post=1000"}],"curies":[{"name":"wp","href":"https:\/\/api.w.org\/{rel}","templated":true}]}}